{"provider_url": "https://www.olivedos.pb.leg.br", "title": "\ud83c\udf82 Feliz anivers\u00e1rio!", "html": "<p><span>Hoje celebramos mais um ano de vida do vereador </span><a class=\"x1i10hfl xjbqb8w x1ejq31n x18oe1m7 x1sy0etr xstzfhl x972fbf x10w94by x1qhh985 x14e42zd x9f619 x1ypdohk xt0psk2 x3ct3a4 xdj266r x14z9mp xat24cr x1lziwak xexx8yu xyri2b x18d9i69 x1c1uobl x16tdsg8 x1hl2dhg xggy1nq x1a2a7pz notranslate _a6hd\" href=\"https://www.instagram.com/vereador_leo_barbeiro12/\" tabindex=\"0\">@vereador_leo_barbeiro12</a><span> , desejamos sa\u00fade, paz e muitas conquistas em sua caminhada.</span><br /><br /><span>Que este novo ciclo seja marcado por ainda mais sabedoria, dedica\u00e7\u00e3o e compromisso com o povo de Olivedos.</span><br /><br /><span>A C\u00e2mara Municipal parabeniza e reconhece sua atua\u00e7\u00e3o em prol do nosso munic\u00edpio.</span><br /><br /><br /></p>", "author_name": "", "version": "1.0", "author_url": "https://www.olivedos.pb.leg.br/author/ols", "provider_name": "Camara Municipal de Olivedos - PB", "type": "rich"}