{"provider_url": "https://www.olivedos.pb.leg.br", "title": "\ud83d\udcc5 Dia do Vereador(a)", "html": "<p><span>Hoje celebramos aqueles e aquelas que, de perto, representam a voz do povo dentro do Legislativo Municipal.</span><br /><br /><span>O vereador(a) tem a miss\u00e3o de legislar, fiscalizar e trabalhar pelo desenvolvimento da cidade, sempre ouvindo as demandas da comunidade e transformando-as em a\u00e7\u00f5es e projetos.</span><br /><br /><span>\ud83d\udc4f Nosso reconhecimento a todos os vereadores e vereadoras que, com compromisso e dedica\u00e7\u00e3o, contribuem para uma sociedade mais justa e democr\u00e1tica.</span></p>", "author_name": "", "version": "1.0", "author_url": "https://www.olivedos.pb.leg.br/author/ols", "provider_name": "Camara Municipal de Olivedos - PB", "type": "rich"}