{"provider_url": "https://www.olivedos.pb.leg.br", "title": "\ud83d\udcc5 Sess\u00e3o Ordin\u00e1ria \u2013 \u00c9 hoje!", "html": "<p><span>A C\u00e2mara Municipal de Olivedos realiza, nesta sexta-feira, mais uma sess\u00e3o ordin\u00e1ria, a partir das 19h30.</span><br /><br /><span>Um momento importante para o debate, a transpar\u00eancia e o fortalecimento das a\u00e7\u00f5es que contribuem para o desenvolvimento do nosso munic\u00edpio. \ud83d\udcac\ud83c\udfdb\ufe0f</span></p>", "author_name": "", "version": "1.0", "author_url": "https://www.olivedos.pb.leg.br/author/ols", "provider_name": "Camara Municipal de Olivedos - PB", "type": "rich"}