{"provider_url": "https://www.olivedos.pb.leg.br", "title": "\ud83d\udce3 Convite Especial!", "html": "<p><span>A C\u00e2mara Municipal de Olivedos convida toda a popula\u00e7\u00e3o para participar da Sess\u00e3o Ordin\u00e1ria que acontece amanh\u00e3, \u00e0s 19h30! \ud83d\udd62</span><br /><br /><span>\u00c9 momento de acompanhar de perto as a\u00e7\u00f5es e decis\u00f5es que fazem a diferen\u00e7a no nosso munic\u00edpio. Sua presen\u00e7a fortalece a democracia e a transpar\u00eancia! \ud83d\udcac\ud83e\udd1d</span><br /><br /><span>\ud83d\udccd Local: C\u00e2mara Municipal de Olivedos</span><br /><span>\ud83d\uddd3\ufe0f Data: Amanh\u00e3</span><br /><span>\u23f0 Hor\u00e1rio: 19h30</span></p>", "author_name": "", "version": "1.0", "author_url": "https://www.olivedos.pb.leg.br/author/ols", "provider_name": "Camara Municipal de Olivedos - PB", "type": "rich"}