{"provider_url": "https://www.olivedos.pb.leg.br", "title": "\ud83d\udd4a\ufe0f Dia de Finados", "html": "<p><span>Hoje \u00e9 dia de relembrar com carinho aqueles que partiram, mas continuam vivos em nossa mem\u00f3ria e no cora\u00e7\u00e3o. \ud83d\udc99</span><br /><br /><span>Que a saudade se transforme em gratid\u00e3o e que a f\u00e9 renove a esperan\u00e7a de reencontros eternos. \ud83d\ude4f</span></p>", "author_name": "", "version": "1.0", "author_url": "https://www.olivedos.pb.leg.br/author/ols", "provider_name": "Camara Municipal de Olivedos - PB", "type": "rich"}