{"provider_url": "https://www.olivedos.pb.leg.br", "title": "\ud83d\ude4f Homenagem ao Dia do Evang\u00e9lico", "html": "<p><span>A C\u00e2mara Municipal de Olivedos celebra, neste 30 de novembro, o Dia do Evang\u00e9lico, uma data de f\u00e9, gratid\u00e3o e reconhecimento a todos que dedicam suas vidas ao evangelho, \u00e0 ora\u00e7\u00e3o e ao servi\u00e7o ao pr\u00f3ximo.</span><br /><br /><span>Que este dia renove a esperan\u00e7a, fortale\u00e7a a caminhada espiritual e inspire cada fam\u00edlia a viver em amor, paz e comunh\u00e3o.</span><br /><br /><span>Nossa homenagem a todos os evang\u00e9licos de Olivedos, que contribuem diariamente para uma cidade mais unida, fraterna e guiada por princ\u00edpios que transformam vidas.</span><br /><br /><span>C\u00e2mara Municipal de Olivedos</span><br /><span>Casa de Jos\u00e9 Ant\u00f4nio da Costa Oliveira</span></p>", "author_name": "", "version": "1.0", "author_url": "https://www.olivedos.pb.leg.br/author/ols", "provider_name": "Camara Municipal de Olivedos - PB", "type": "rich"}