{"provider_url": "https://www.olivedos.pb.leg.br", "title": "20 de Janeiro - Dia de S\u00e3o Sebasti\u00e3o", "html": "<p>20 de Janeiro - Dia de S\u00e3o Sebasti\u00e3o</p>", "author_name": "", "version": "1.0", "author_url": "https://www.olivedos.pb.leg.br/author/ols", "provider_name": "Camara Municipal de Olivedos - PB", "type": "rich"}