{"provider_url": "https://www.olivedos.pb.leg.br", "title": "59\u00aa Sess\u00e3o Ordin\u00e1ria - 02 de Fevereiro ", "html": "<p>\u00c9 com enorme satisfa\u00e7\u00e3o que iniciaremos nossos trabalhos legislativos de 2024.<br />Hoje dia 02 de fevereiro acontecer\u00e1 \u00e0s 19h30min a 59\u00aa Sess\u00e3o<br />Ordin\u00e1ria.<br />Ser\u00e1 mais um ano de muito trabalho e dedica\u00e7\u00e3o ao nosso munic\u00edpio, vamos juntos!</p>", "author_name": "", "version": "1.0", "author_url": "https://www.olivedos.pb.leg.br/author/ols", "provider_name": "Camara Municipal de Olivedos - PB", "type": "rich"}