{"provider_url": "https://www.olivedos.pb.leg.br", "title": "Dia de S\u00e3o Sebasti\u00e3o", "html": "<p><span>\ud83d\ude4c\ud83c\udffbNeste dia especial, comemoramos o dia de S\u00e3o Sebasti\u00e3o, nosso querido santo protetor. Em meio \u00e0s dificuldades que enfrentamos, \u00e9 fundamental lembrar da for\u00e7a e coragem que ele nos ensina.</span><br /><br /><span>Rogamos pela sua prote\u00e7\u00e3o sobre nossa cidade e nossa gente, que sua presen\u00e7a nos traga paz, sa\u00fade e prosperidade. Que todos os olivedenses se unam em f\u00e9 e esperan\u00e7a neste dia aben\u00e7oado, celebrando a vida e a devo\u00e7\u00e3o a S\u00e3o Sebasti\u00e3o!</span></p>", "author_name": "", "version": "1.0", "author_url": "https://www.olivedos.pb.leg.br/author/ols", "provider_name": "Camara Municipal de Olivedos - PB", "type": "rich"}