{"provider_url": "https://www.olivedos.pb.leg.br", "title": "Dia do Trabalhador", "html": "<p><span>Hoje celebramos a for\u00e7a, a dedica\u00e7\u00e3o e a coragem de quem constr\u00f3i o presente e transforma o futuro com trabalho e dignidade.</span><br /><br /><span>Parab\u00e9ns a todos os trabalhadores e trabalhadoras!</span><br /><span>1\u00ba de Maio \u2013 Dia do Trabalhador.</span><br /><br /><span>Que nunca nos falte respeito, valoriza\u00e7\u00e3o e oportunidades.</span></p>", "author_name": "", "version": "1.0", "author_url": "https://www.olivedos.pb.leg.br/author/ols", "provider_name": "Camara Municipal de Olivedos - PB", "type": "rich"}