{"provider_url": "https://www.olivedos.pb.leg.br", "title": "Dia Internacional da Educa\u00e7\u00e3o", "html": "<p><span>\ud83d\udcddNo Dia Internacional da Educa\u00e7\u00e3o, celebramos o poder transformador do conhecimento. A educa\u00e7\u00e3o \u00e9 a chave para um futuro mais justo, inclusivo e sustent\u00e1vel. \u00c9 por meio dela que constru\u00edmos pontes, derrubamos barreiras e damos asas aos sonhos.</span><br /><br /><span>Que possamos valorizar e garantir a todos o direito de aprender, crescer e contribuir para um mundo melhor. Investir em educa\u00e7\u00e3o \u00e9 investir na humanidade.</span><br /><br /><span>\u201cEduca\u00e7\u00e3o n\u00e3o transforma o mundo. Educa\u00e7\u00e3o muda pessoas. Pessoas transformam o mundo.\u201d \u2013 Paulo Freire</span><br /><br /><span>Que esse dia nos inspire a cuidar e lutar por uma educa\u00e7\u00e3o de qualidade para todos!</span></p>", "author_name": "", "version": "1.0", "author_url": "https://www.olivedos.pb.leg.br/author/ols", "provider_name": "Camara Municipal de Olivedos - PB", "type": "rich"}