{"provider_url": "https://www.olivedos.pb.leg.br", "title": "JANEIRO BRANCO", "html": "<p><span>\u26aa\ufe0fVoc\u00ea j\u00e1 ouviu falar no Janeiro Branco? Esse \u00e9 um m\u00eas dedicado \u00e0 conscientiza\u00e7\u00e3o sobre a import\u00e2ncia da sa\u00fade mental.</span></p>", "author_name": "", "version": "1.0", "author_url": "https://www.olivedos.pb.leg.br/author/ols", "provider_name": "Camara Municipal de Olivedos - PB", "type": "rich"}