{"provider_url": "https://www.olivedos.pb.leg.br", "title": "Maio Amarelo 2025", "html": "<p><span>Maio Amarelo 2025 | Juntos pela Vida no Tr\u00e2nsito!</span><br /><br /><span>A C\u00e2mara Municipal de Olivedos se une ao movimento Maio Amarelo com o tema deste ano: \u201cDesacelere. Seu bem maior \u00e9 a vida.\u201d</span><br /><span>Nosso compromisso \u00e9 com a conscientiza\u00e7\u00e3o e o respeito no tr\u00e2nsito. Cada atitude segura pode salvar vidas!</span><br /><br /><span>Vamos juntos construir um tr\u00e2nsito mais humano e</span></p>", "author_name": "", "version": "1.0", "author_url": "https://www.olivedos.pb.leg.br/author/ols", "provider_name": "Camara Municipal de Olivedos - PB", "type": "rich"}