{"provider_url": "https://www.olivedos.pb.leg.br", "title": "Parab\u00e9ns, Edvaldo! ", "html": "<p><span>\ud83c\udf89 Hoje \u00e9 dia de celebrar! A C\u00e2mara Municipal de Olivedos parabeniza nosso colaborador Edivaldo, que comemora mais um ano de vida! \ud83d\udc4f</span><br /><br /><span>Edivaldo \u00e9 o respons\u00e1vel pelas transmiss\u00f5es das sess\u00f5es, garantindo que cada cidad\u00e3o acompanhe de perto o trabalho do Legislativo.</span><br /><br /><span>Parab\u00e9ns, Edvaldo! Que seu novo ciclo venha repleto de sa\u00fade, sucesso e muitas conquistas. \ud83d\udc4f\ud83c\udf82</span></p>", "author_name": "", "version": "1.0", "author_url": "https://www.olivedos.pb.leg.br/author/ols", "provider_name": "Camara Municipal de Olivedos - PB", "type": "rich"}