{"provider_url": "https://www.olivedos.pb.leg.br", "title": "Sess\u00e3o Ordin\u00e1ria ", "html": "<p>C\u00e2mara de Olivedos se re\u00fane em mais<br />uma sess\u00e3o ordin\u00e1ria<br />Na \u00faltima sexta-feira (1\u00b0), os vereadores da C\u00e2mara Municipal de Olivedos estiveram reunidos em mais uma sess\u00e3o ordin\u00e1ria em prol do munic\u00edpio.<br />Na oportunidade, o presidente da Casa, vereador Nino, conduziu os trabalhos, onde foram aprovados projetos advindos do Poder Executivo, com o intuito de melhorar a qualidade de vida da popula\u00e7\u00e3o.<br />Nino destacou a import\u00e2ncia da presen\u00e7a e entrosamento entre os colegas parlamentares em busca de um \u00fanico objetivo, que \u00e9 trabalhar pela cidade de Olivedos.<br />A pr\u00f3xima sess\u00e3o ficou agendada para o dia 15 de mar\u00e7o, \u00e0s<br />19:30hrs, e toda popula\u00e7\u00e3o \u00e9 convidada a se fazer presente e acompanhar.</p>", "author_name": "", "version": "1.0", "author_url": "https://www.olivedos.pb.leg.br/author/ols", "provider_name": "Camara Municipal de Olivedos - PB", "type": "rich"}