{"provider_url": "https://www.olivedos.pb.leg.br", "title": "Sess\u00e3o Ordin\u00e1ria ", "html": "<p>Durante sess\u00e3o ordin\u00e1ria, na \u00faltima sexta-feira (16), os vereadores da C\u00e2mara Municipal de Olivedos realizaram o julgamento das contas do Poder Executivo, na gest\u00e3o do prefeito Deusinho, referente ao exerc\u00edcio financeiro de 2021.<br />As mesmas foram aprovadas por unanimidade, tendo em vista que demonstraram a correta aplica\u00e7\u00e3o dos recursos, o cumprimento das metas fiscais e a transpar\u00eancia nas a\u00e7\u00f5es governamentais. Essa aprova\u00e7\u00e3o representa um reflexo do compromisso com a transpar\u00eancia e a boa governan\u00e7a, corroborando a seriedade e a efic\u00e1cia da gest\u00e3o municipal.<br />Ainda na sess\u00e3o, foi votado o Projeto de Lei n\u00b0002/2024, que atualiza os valores da Lei n\u00b0 119/2011; e tamb\u00e9m o Projeto de Lei Complementar 001/2024, que altera o quadro de pessoal da administra\u00e7\u00e3o direta e atualiza seus valores, ambos de autoria do Poder Executivo.<br />Fonte: Com Conectado com a not\u00edcia</p>", "author_name": "", "version": "1.0", "author_url": "https://www.olivedos.pb.leg.br/author/ols", "provider_name": "Camara Municipal de Olivedos - PB", "type": "rich"}