{"provider_url": "https://www.olivedos.pb.leg.br", "title": "Sess\u00e3o Ordin\u00e1ria!", "html": "<p><span>A C\u00e2mara Municipal de Olivedos realiza hoje, \u00e0s 19h30, mais uma Sess\u00e3o Ordin\u00e1ria. \u2728</span><br /><br /><span>Convidamos toda a popula\u00e7\u00e3o a acompanhar os trabalhos legislativos e fortalecer a participa\u00e7\u00e3o cidad\u00e3 em nosso munic\u00edpio.</span><br /><br /><span>Sua presen\u00e7a \u00e9 essencial e faz toda a diferen\u00e7a.</span></p>", "author_name": "", "version": "1.0", "author_url": "https://www.olivedos.pb.leg.br/author/ols", "provider_name": "Camara Municipal de Olivedos - PB", "type": "rich"}