{"provider_url": "https://www.olivedos.pb.leg.br", "title": "SETEMBRO AMARELO | 10 DE SETEMBRO", "html": "<p><span>Dia Mundial de Preven\u00e7\u00e3o ao Suic\u00eddio</span><br /><br /><span>Neste m\u00eas, levantamos a bandeira da valoriza\u00e7\u00e3o da vida. Falar sobre sa\u00fade mental \u00e9 essencial \u2014 e procurar ajuda \u00e9 um gesto de coragem.</span><br /><br /><span>\ud83d\udcde Ligue 188 \u2014 o atendimento \u00e9 gratuito, sigiloso e 24h, por meio do CVV (Centro de Valoriza\u00e7\u00e3o da Vida).</span><br /><br /><span>\ud83e\udec2 Se voc\u00ea est\u00e1 passando por um momento dif\u00edcil, n\u00e3o hesite em buscar apoio. Voc\u00ea n\u00e3o est\u00e1 sozinho.</span><br /><br /><span>A C\u00e2mara Municipal de Olivedos apoia essa causa e refor\u00e7a seu compromisso com a vida. \ud83d\udc9b</span></p>", "author_name": "", "version": "1.0", "author_url": "https://www.olivedos.pb.leg.br/author/ols", "provider_name": "Camara Municipal de Olivedos - PB", "type": "rich"}