{"provider_url": "https://www.olivedos.pb.leg.br", "title": "Sess\u00f5es Gravadas", "html": "<dl><dt><span>A Casa Legislativa de Olivedos/PB, disp\u00f5e\u00a0<span>em seu acervo\u00a0</span>das Grava\u00e7\u00f5es das Sess\u00f5es Legislativas.</span></dt><dt><span><br /></span></dt><dt><span></span></dt></dl>\r\n<table class=\"plain\">\r\n<tbody>\r\n<tr><th><img src=\"https://www.olivedos.pb.leg.br/imagens/CAMARAOLIVEDOS.png/@@images/e37f2c42-9ac8-4b30-a9d2-e8772804593b.png\" alt=\"\" class=\"image-inline\" title=\"\" /></th><th>\r\n<p class=\"callout\"><span><span>7\u00aa Sess\u00e3o Ordin\u00e1ria</span><br /><span>Data: 02/05/2025</span></span></p>\r\n</th><th><a class=\"external-link\" href=\"https://www.youtube.com/watch?v=-wskrHeDStI\" target=\"_blank\" title=\"\"><img src=\"https://www.olivedos.pb.leg.br/imagens/imagens2025/play/@@images/b3acd1d6-ff6b-496c-a75c-dee98f527ad6.png\" alt=\"play\" class=\"image-inline\" title=\"play\" /></a></th></tr>\r\n<tr><th><img src=\"https://www.olivedos.pb.leg.br/imagens/CAMARAOLIVEDOS.png/@@images/e37f2c42-9ac8-4b30-a9d2-e8772804593b.png\" alt=\"\" class=\"image-inline\" title=\"\" /></th><th>\r\n<p class=\"callout\"><span>6\u00aa Sess\u00e3o Ordin\u00e1ria</span><br /><span>Data: 22/04/2025</span></p>\r\n</th><th><a class=\"external-link\" href=\"https://www.youtube.com/watch?v=jQ-yeFHkaLM\" target=\"_blank\" title=\"\"><img src=\"https://www.olivedos.pb.leg.br/imagens/imagens2025/play/@@images/b3acd1d6-ff6b-496c-a75c-dee98f527ad6.png\" alt=\"play\" class=\"image-inline\" title=\"play\" /></a></th></tr>\r\n<tr><th><img src=\"https://www.olivedos.pb.leg.br/imagens/CAMARAOLIVEDOS.png/@@images/e37f2c42-9ac8-4b30-a9d2-e8772804593b.png\" alt=\"\" class=\"image-inline\" title=\"\" /></th><th>\r\n<p class=\"callout\"><span>5\u00aa Sess\u00e3o Ordin\u00e1ria</span><br /><span>Data: 04/04/2025</span></p>\r\n</th><th><a class=\"external-link\" href=\"https://www.youtube.com/watch?v=Mv-IorOoTIQ\" target=\"_blank\" title=\"\"><img src=\"https://www.olivedos.pb.leg.br/imagens/imagens2025/play/@@images/b3acd1d6-ff6b-496c-a75c-dee98f527ad6.png\" alt=\"play\" class=\"image-inline\" title=\"play\" /></a></th></tr>\r\n<tr><th><img src=\"https://www.olivedos.pb.leg.br/imagens/CAMARAOLIVEDOS.png/@@images/e37f2c42-9ac8-4b30-a9d2-e8772804593b.png\" alt=\"\" class=\"image-inline\" title=\"\" /></th><th>\r\n<p class=\"callout\"><span>4\u00aa Sess\u00e3o Ordin\u00e1ria</span><br /><span>Data: 21/03/2025</span></p>\r\n</th><th><a class=\"external-link\" href=\"https://www.youtube.com/watch?v=y4wl1xGijvA\" target=\"_blank\" title=\"\"><img src=\"https://www.olivedos.pb.leg.br/imagens/imagens2025/play/@@images/b3acd1d6-ff6b-496c-a75c-dee98f527ad6.png\" alt=\"play\" class=\"image-inline\" title=\"play\" /></a></th></tr>\r\n<tr><th><img src=\"https://www.olivedos.pb.leg.br/imagens/CAMARAOLIVEDOS.png/@@images/e37f2c42-9ac8-4b30-a9d2-e8772804593b.png\" alt=\"\" class=\"image-inline\" title=\"\" /></th><th>\r\n<p class=\"callout\"><span>3\u00aa Sess\u00e3o Ordin\u00e1ria</span><br /><span>Data: 07/03/2025</span></p>\r\n</th><th><a class=\"external-link\" href=\"https://www.youtube.com/watch?v=HComv9mZgnQ\" target=\"_blank\" title=\"\"><img src=\"https://www.olivedos.pb.leg.br/imagens/imagens2025/play/@@images/b3acd1d6-ff6b-496c-a75c-dee98f527ad6.png\" alt=\"play\" class=\"image-inline\" title=\"play\" /></a></th></tr>\r\n<tr><th><img src=\"https://www.olivedos.pb.leg.br/imagens/CAMARAOLIVEDOS.png/@@images/e37f2c42-9ac8-4b30-a9d2-e8772804593b.png\" alt=\"\" class=\"image-inline\" title=\"\" /></th><th>\r\n<p class=\"callout\"><span>2\u00aa Sess\u00e3o Ordin\u00e1ria</span><br /><span>Data: 21/02/2025</span></p>\r\n</th><th><a class=\"external-link\" href=\"https://www.youtube.com/watch?v=CGZiyPxNa34\" target=\"_blank\" title=\"\"><img src=\"https://www.olivedos.pb.leg.br/imagens/imagens2025/play/@@images/b3acd1d6-ff6b-496c-a75c-dee98f527ad6.png\" alt=\"play\" class=\"image-inline\" title=\"play\" /></a></th></tr>\r\n<tr><th><img src=\"https://www.olivedos.pb.leg.br/imagens/CAMARAOLIVEDOS.png/@@images/e37f2c42-9ac8-4b30-a9d2-e8772804593b.png\" alt=\"\" class=\"image-inline\" title=\"\" /></th><th>\r\n<p class=\"callout\"><span>1\u00aa Sess\u00e3o Ordin\u00e1ria</span><br /><span>Data: 07/02/2025</span></p>\r\n</th><th><a class=\"external-link\" href=\"https://www.youtube.com/watch?v=UGYrcfV3FbA\" target=\"_blank\" title=\"\"><img src=\"https://www.olivedos.pb.leg.br/imagens/imagens2025/play/@@images/b3acd1d6-ff6b-496c-a75c-dee98f527ad6.png\" alt=\"play\" class=\"image-inline\" title=\"play\" /></a></th></tr>\r\n<tr><th><img src=\"https://www.olivedos.pb.leg.br/imagens/CAMARAOLIVEDOS.png/@@images/e37f2c42-9ac8-4b30-a9d2-e8772804593b.png\" alt=\"\" class=\"image-inline\" title=\"\" /></th><th>\r\n<p class=\"callout\"><span>Sess\u00e3o Extraordin\u00e1ria</span><br /><span>Data: 17/01/2025</span></p>\r\n</th><th><a class=\"external-link\" href=\"https://www.youtube.com/watch?v=m9nrdU0nh58\" target=\"_blank\" title=\"\"><img src=\"https://www.olivedos.pb.leg.br/imagens/imagens2025/play/@@images/b3acd1d6-ff6b-496c-a75c-dee98f527ad6.png\" alt=\"play\" class=\"image-inline\" title=\"play\" /></a></th></tr>\r\n<tr><th><img src=\"https://www.olivedos.pb.leg.br/imagens/CAMARAOLIVEDOS.png/@@images/e37f2c42-9ac8-4b30-a9d2-e8772804593b.png\" alt=\"\" class=\"image-inline\" title=\"\" /></th><th>\r\n<p class=\"callout\">Cerim\u00f4nia de Posse<br />Data: 01/01/2025</p>\r\n</th><th><a class=\"external-link\" href=\"https://www.youtube.com/watch?v=De-Sw31de3Q\" target=\"_blank\" title=\"\"><img src=\"https://www.olivedos.pb.leg.br/imagens/imagens2025/play/@@images/b3acd1d6-ff6b-496c-a75c-dee98f527ad6.png\" alt=\"play\" class=\"image-inline\" title=\"play\" /></a></th></tr>\r\n</tbody>\r\n</table>\r\n<dl><dt><span><br /></span></dt></dl>\r\n<div><span><br /></span></div>", "author_name": "", "version": "1.0", "author_url": "https://www.olivedos.pb.leg.br/author/ols", "provider_name": "Camara Municipal de Olivedos - PB", "type": "rich"}